{"id":3543,"global_id":"leshorizonsdedouna.com?id=3543","global_id_lineage":["leshorizonsdedouna.com?id=3543"],"author":"24","status":"publish","date":"2025-04-04 20:27:40","date_utc":"2025-04-04 18:27:40","modified":"2025-04-04 20:27:40","modified_utc":"2025-04-04 18:27:40","url":"https:\/\/leshorizonsdedouna.com\/event\/retraite-spirituelle-a-carnac-du-5-au-9-juin-2025\/","rest_url":"https:\/\/leshorizonsdedouna.com\/nov-apijson\/tribe\/events\/v1\/events\/3543","title":"Retraite Spirituelle \u00e0 Carnac\u00a0du 5 au 9 juin 2025","description":"<h3 class=\"m_5823314043676234475default-heading3\"><span><strong>Retraite Spirituelle \u00e0 Carnac\u00a0<\/strong><\/span><br \/>\n<span><u>du jeudi 5 juin au lundi 9 juin 2025<\/u><\/span><\/h3>\n<h3 class=\"m_5823314043676234475default-heading3\"><span><strong>Osez la lib\u00e9ration, transformez votre r\u00e9alit\u00e9 !\u00a0<\/strong><\/span><\/h3>\n<p>Plus d&#8217;information aupr\u00e8s de Douna au 06<span>\u00a032 30 65 48<\/span><\/p>","excerpt":"","slug":"retraite-spirituelle-a-carnac-du-5-au-9-juin-2025","image":{"url":"https:\/\/leshorizonsdedouna.com\/wp-content\/uploads\/2025\/04\/488022779_1357741218652364_1863283538559021931_n.jpg","id":3544,"extension":"jpg","width":1440,"height":1799,"filesize":477024,"sizes":{"medium":{"width":240,"height":300,"mime-type":"image\/jpeg","filesize":24652,"url":"https:\/\/leshorizonsdedouna.com\/wp-content\/uploads\/2025\/04\/488022779_1357741218652364_1863283538559021931_n-240x300.jpg"},"large":{"width":820,"height":1024,"mime-type":"image\/jpeg","filesize":164425,"url":"https:\/\/leshorizonsdedouna.com\/wp-content\/uploads\/2025\/04\/488022779_1357741218652364_1863283538559021931_n-820x1024.jpg"},"thumbnail":{"width":150,"height":150,"mime-type":"image\/jpeg","filesize":8675,"url":"https:\/\/leshorizonsdedouna.com\/wp-content\/uploads\/2025\/04\/488022779_1357741218652364_1863283538559021931_n-150x150.jpg"},"medium_large":{"width":768,"height":959,"mime-type":"image\/jpeg","filesize":149757,"url":"https:\/\/leshorizonsdedouna.com\/wp-content\/uploads\/2025\/04\/488022779_1357741218652364_1863283538559021931_n-768x959.jpg"},"1536x1536":{"width":1229,"height":1536,"mime-type":"image\/jpeg","filesize":290457,"url":"https:\/\/leshorizonsdedouna.com\/wp-content\/uploads\/2025\/04\/488022779_1357741218652364_1863283538559021931_n-1229x1536.jpg"},"hestia-blog":{"width":360,"height":240,"mime-type":"image\/jpeg","filesize":23886,"url":"https:\/\/leshorizonsdedouna.com\/wp-content\/uploads\/2025\/04\/488022779_1357741218652364_1863283538559021931_n-360x240.jpg"},"woocommerce_thumbnail_2x":{"width":460,"height":700,"mime-type":"image\/jpeg","filesize":84840,"url":"https:\/\/leshorizonsdedouna.com\/wp-content\/uploads\/2025\/04\/488022779_1357741218652364_1863283538559021931_n-460x700.jpg"},"woocommerce_thumbnail":{"width":230,"height":350,"mime-type":"image\/jpeg","filesize":28619,"uncropped":false,"url":"https:\/\/leshorizonsdedouna.com\/wp-content\/uploads\/2025\/04\/488022779_1357741218652364_1863283538559021931_n-230x350.jpg"},"woocommerce_single":{"width":600,"height":750,"mime-type":"image\/jpeg","filesize":105113,"url":"https:\/\/leshorizonsdedouna.com\/wp-content\/uploads\/2025\/04\/488022779_1357741218652364_1863283538559021931_n-600x750.jpg"},"woocommerce_gallery_thumbnail":{"width":160,"height":160,"mime-type":"image\/jpeg","filesize":9618,"url":"https:\/\/leshorizonsdedouna.com\/wp-content\/uploads\/2025\/04\/488022779_1357741218652364_1863283538559021931_n-160x160.jpg"}}},"all_day":false,"start_date":"2025-06-06 17:00:00","start_date_details":{"year":"2025","month":"06","day":"06","hour":"17","minutes":"00","seconds":"00"},"end_date":"2025-06-09 10:00:00","end_date_details":{"year":"2025","month":"06","day":"09","hour":"10","minutes":"00","seconds":"00"},"utc_start_date":"2025-06-06 15:00:00","utc_start_date_details":{"year":"2025","month":"06","day":"06","hour":"15","minutes":"00","seconds":"00"},"utc_end_date":"2025-06-09 08:00:00","utc_end_date_details":{"year":"2025","month":"06","day":"09","hour":"08","minutes":"00","seconds":"00"},"timezone":"Europe\/Paris","timezone_abbr":"CEST","cost":"","cost_details":{"currency_symbol":"","currency_code":"","currency_position":"prefix","values":[]},"website":"","show_map":true,"show_map_link":true,"hide_from_listings":false,"sticky":false,"featured":false,"categories":[],"tags":[],"venue":[],"organizer":[{"id":2281,"author":"94","status":"publish","date":"2021-09-20 14:23:40","date_utc":"2021-09-20 12:23:40","modified":"2021-09-20 14:23:40","modified_utc":"2021-09-20 12:23:40","url":"https:\/\/leshorizonsdedouna.com\/organisateur\/douna\/","organizer":"Douna","slug":"douna","phone":"06 32 30 65 48","email":"dounna@orange.fr","json_ld":{"@type":"Person","name":"Douna","description":"","url":"","telephone":"06 32 30 65 48","email":"d&#111;&#117;&#110;n&#97;&#64;o&#114;&#97;&#110;&#103;e.&#102;&#114;","sameAs":""},"global_id":"leshorizonsdedouna.com?id=2281","global_id_lineage":["leshorizonsdedouna.com?id=2281"]}],"json_ld":{"@context":"http:\/\/schema.org","@type":"Event","name":"Retraite Spirituelle \u00e0 Carnac\u00a0du 5 au 9 juin 2025","description":"&lt;p&gt;Retraite Spirituelle \u00e0 Carnac\u00a0 du jeudi 5 juin au lundi 9 juin 2025 Osez la lib\u00e9ration, transformez votre r\u00e9alit\u00e9 !\u00a0 Plus d\\'information aupr\u00e8s de Douna au 06\u00a032 30 65 48&lt;\/p&gt;\\n","image":"https:\/\/leshorizonsdedouna.com\/wp-content\/uploads\/2025\/04\/488022779_1357741218652364_1863283538559021931_n.jpg","url":"https:\/\/leshorizonsdedouna.com\/event\/retraite-spirituelle-a-carnac-du-5-au-9-juin-2025\/","eventAttendanceMode":"https:\/\/schema.org\/OfflineEventAttendanceMode","eventStatus":"https:\/\/schema.org\/EventScheduled","startDate":"2025-06-06T17:00:00+02:00","endDate":"2025-06-09T10:00:00+02:00","organizer":{"@type":"Person","name":"Douna","description":"","url":"","telephone":"06 32 30 65 48","email":"d&#111;&#117;&#110;na&#64;&#111;ra&#110;g&#101;.fr","sameAs":""},"performer":"Organization"}}