{"id":3575,"global_id":"leshorizonsdedouna.com?id=3575","global_id_lineage":["leshorizonsdedouna.com?id=3575"],"author":"24","status":"publish","date":"2025-04-29 21:55:52","date_utc":"2025-04-29 19:55:52","modified":"2025-05-13 17:16:14","modified_utc":"2025-05-13 15:16:14","url":"https:\/\/leshorizonsdedouna.com\/event\/auray-conference-communication-avec-vos-chers-disparus-jeudi-15-mai-a-19h\/","rest_url":"https:\/\/leshorizonsdedouna.com\/nov-apijson\/tribe\/events\/v1\/events\/3575","title":"Auray  :  Conf\u00e9rence Communication avec vos chers disparus Mercredi 4 juin \u00e0 19h","description":"<p><span><strong>Conf\u00e9rence Communication avec vos chers disparus<\/strong><\/span><\/p>\n<p><span><strong>Mercredi 4 juin 2025 \u00e0 19h : <\/strong><\/span><strong>Renouez avec vos \u00eatres chers.\u00a0<\/strong><\/p>\n<p>Vous souhaitez recevoir un message de votre d\u00e9funt ? Je vous accompagne dans cette d\u00e9marche \u00e0 l\u2019aide ma m\u00e9diumnit\u00e9.<span>\u00a0<\/span><strong>Lors de cette s\u00e9ance, nous tenterons ensemble d\u2019\u00e9tablir un contact avec vos proches disparus.<\/strong><span>\u00a0<\/span>C\u2019est aux \u00e2mes de d\u00e9cider si elles souhaitent se manifester. Je me ferai le relais de leurs messages, avec bienveillance et sinc\u00e9rit\u00e9.<span>\u00a0<\/span><strong>Pour favoriser cet \u00e9change, apportez une photo de la personne ou de l\u2019animal que vous souhaitez contacter.<\/strong><\/p>\n<p>Durant la premi\u00e8re partie de la conf\u00e9rence, je vous expliquerai les fondements de la m\u00e9diumnit\u00e9 et vous partagerai son exp\u00e9rience. Vous comprendrez ainsi comment se d\u00e9roulent les communications avec l\u2019au-del\u00e0.<span>\u00a0<\/span><strong>La suite de la s\u00e9ance sera consacr\u00e9e \u00e0 la communication avec vos chers disparus.<\/strong><span>\u00a0<\/span>J\u2019utiliserai alors mes capacit\u00e9s m\u00e9diumniques pour vous transmettre les messages de vos d\u00e9funts.<\/p>\n<p><strong><u>Informations pratiques :<\/u><\/strong><\/p>\n<p><u>Tarif<span>\u00a0<\/span><\/u>: 10\u20ac<\/p>\n<p><u>R\u00e9servations et informations<\/u><span>\u00a0<\/span>: 02 97 31 12 01<span>\u00a0<\/span>ou leshorizonsdedouna@gmail.com<\/p>\n<p><u>Lieu<span>\u00a0<\/span><\/u><strong>:<\/strong><span>\u00a0<\/span>Espace Cristal : 14 rue du ch\u00e2teau 56400 Auray<\/p>","excerpt":"","slug":"auray-conference-communication-avec-vos-chers-disparus-jeudi-15-mai-a-19h","image":{"url":"https:\/\/leshorizonsdedouna.com\/wp-content\/uploads\/2024\/10\/Design-sans-titre-7.png","id":3322,"extension":"png","width":635,"height":635,"filesize":643959,"sizes":{"medium":{"width":300,"height":300,"mime-type":"image\/png","filesize":121531,"url":"https:\/\/leshorizonsdedouna.com\/wp-content\/uploads\/2024\/10\/Design-sans-titre-7-300x300.png"},"thumbnail":{"width":150,"height":150,"mime-type":"image\/png","filesize":35896,"url":"https:\/\/leshorizonsdedouna.com\/wp-content\/uploads\/2024\/10\/Design-sans-titre-7-150x150.png"},"hestia-blog":{"width":360,"height":240,"mime-type":"image\/png","filesize":117121,"url":"https:\/\/leshorizonsdedouna.com\/wp-content\/uploads\/2024\/10\/Design-sans-titre-7-360x240.png"},"woocommerce_thumbnail_2x":{"width":460,"height":635,"mime-type":"image\/png","filesize":366004,"url":"https:\/\/leshorizonsdedouna.com\/wp-content\/uploads\/2024\/10\/Design-sans-titre-7-460x635.png"},"woocommerce_thumbnail":{"width":230,"height":350,"mime-type":"image\/png","filesize":113535,"uncropped":false,"url":"https:\/\/leshorizonsdedouna.com\/wp-content\/uploads\/2024\/10\/Design-sans-titre-7-230x350.png"},"woocommerce_single":{"width":600,"height":600,"mime-type":"image\/png","filesize":392092,"url":"https:\/\/leshorizonsdedouna.com\/wp-content\/uploads\/2024\/10\/Design-sans-titre-7-600x600.png"},"woocommerce_gallery_thumbnail":{"width":160,"height":160,"mime-type":"image\/png","filesize":40259,"url":"https:\/\/leshorizonsdedouna.com\/wp-content\/uploads\/2024\/10\/Design-sans-titre-7-160x160.png"}}},"all_day":false,"start_date":"2025-06-04 19:00:00","start_date_details":{"year":"2025","month":"06","day":"04","hour":"19","minutes":"00","seconds":"00"},"end_date":"2025-06-04 21:00:00","end_date_details":{"year":"2025","month":"06","day":"04","hour":"21","minutes":"00","seconds":"00"},"utc_start_date":"2025-06-04 17:00:00","utc_start_date_details":{"year":"2025","month":"06","day":"04","hour":"17","minutes":"00","seconds":"00"},"utc_end_date":"2025-06-04 19:00:00","utc_end_date_details":{"year":"2025","month":"06","day":"04","hour":"19","minutes":"00","seconds":"00"},"timezone":"Europe\/Paris","timezone_abbr":"CEST","cost":"","cost_details":{"currency_symbol":"","currency_code":"","currency_position":"prefix","values":[]},"website":"","show_map":true,"show_map_link":true,"hide_from_listings":false,"sticky":false,"featured":false,"categories":[],"tags":[],"venue":{"id":3056,"author":"24","status":"publish","date":"2024-09-01 15:23:58","date_utc":"2024-09-01 13:23:58","modified":"2024-09-01 15:23:58","modified_utc":"2024-09-01 13:23:58","url":"https:\/\/leshorizonsdedouna.com\/lieu\/espace-cristal\/","venue":"Espace Cristal","slug":"espace-cristal","address":"14 rue du ch\u00e2teau 56400 Auray","city":"Auray","country":"France","zip":"56400","phone":"02 97 31 12 01","website":"https:\/\/www.espacecristal.com\/","json_ld":{"@type":"Place","name":"Espace Cristal","description":"","url":"","address":{"@type":"PostalAddress","streetAddress":"14 rue du ch\u00e2teau 56400 Auray","addressLocality":"Auray","postalCode":"56400","addressCountry":"France"},"telephone":"02 97 31 12 01","sameAs":"https:\/\/www.espacecristal.com\/"},"show_map":true,"show_map_link":true,"global_id":"leshorizonsdedouna.com?id=3056","global_id_lineage":["leshorizonsdedouna.com?id=3056"]},"organizer":[],"json_ld":{"@context":"http:\/\/schema.org","@type":"Event","name":"Auray  :  Conf\u00e9rence Communication avec vos chers disparus Mercredi 4 juin \u00e0 19h","description":"&lt;p&gt;Conf\u00e9rence Communication avec vos chers disparus Mercredi 4 juin 2025 \u00e0 19h : Renouez avec vos \u00eatres chers.\u00a0 Vous souhaitez recevoir un message de votre d\u00e9funt ? Je vous accompagne dans cette d\u00e9marche \u00e0 l\u2019aide ma m\u00e9diumnit\u00e9.\u00a0Lors de cette s\u00e9ance, nous tenterons ensemble d\u2019\u00e9tablir un contact avec vos proches disparus.\u00a0C\u2019est [&hellip;]&lt;\/p&gt;\\n","image":"https:\/\/leshorizonsdedouna.com\/wp-content\/uploads\/2024\/10\/Design-sans-titre-7.png","url":"https:\/\/leshorizonsdedouna.com\/event\/auray-conference-communication-avec-vos-chers-disparus-jeudi-15-mai-a-19h\/","eventAttendanceMode":"https:\/\/schema.org\/OfflineEventAttendanceMode","eventStatus":"https:\/\/schema.org\/EventScheduled","startDate":"2025-06-04T19:00:00+02:00","endDate":"2025-06-04T21:00:00+02:00","location":{"@type":"Place","name":"Espace Cristal","description":"","url":"","address":{"@type":"PostalAddress","streetAddress":"14 rue du ch\u00e2teau 56400 Auray","addressLocality":"Auray","postalCode":"56400","addressCountry":"France"},"telephone":"02 97 31 12 01","sameAs":"https:\/\/www.espacecristal.com\/"},"performer":"Organization"}}