{"id":3868,"global_id":"leshorizonsdedouna.com?id=3868","global_id_lineage":["leshorizonsdedouna.com?id=3868"],"author":"24","status":"publish","date":"2025-09-21 10:22:04","date_utc":"2025-09-21 08:22:04","modified":"2025-09-21 10:22:04","modified_utc":"2025-09-21 08:22:04","url":"https:\/\/leshorizonsdedouna.com\/event\/porto-vecchio-corse-seance-de-dedicace-libraire-la-clairiere-chez-biodelices\/","rest_url":"https:\/\/leshorizonsdedouna.com\/nov-apijson\/tribe\/events\/v1\/events\/3868","title":"Porto-Vecchio (Corse) : S\u00e9ance de D\u00e9dicace Libraire la Clairi\u00e8re (chez Biod\u00e9lices)","description":"<p>S\u00e9ance de d\u00e9dicace \u00e0 partir de 11h<\/p>\n<p>Libraire la Clairi\u00e8re (chez Biod\u00e9lices)<\/p>\n<p><span>Lieu : Lieu dit cacao, Chemin d\u2019Agnarella <\/span><span>20137 Porto-Vecchio<\/span><\/p>","excerpt":"","slug":"porto-vecchio-corse-seance-de-dedicace-libraire-la-clairiere-chez-biodelices","image":{"url":"https:\/\/leshorizonsdedouna.com\/wp-content\/uploads\/2025\/09\/Design-sans-titre.jpg","id":3869,"extension":"jpg","width":1048,"height":781,"filesize":301508,"sizes":{"medium":{"width":300,"height":224,"mime-type":"image\/jpeg","filesize":23586,"url":"https:\/\/leshorizonsdedouna.com\/wp-content\/uploads\/2025\/09\/Design-sans-titre-300x224.jpg"},"large":{"width":1024,"height":763,"mime-type":"image\/jpeg","filesize":191108,"url":"https:\/\/leshorizonsdedouna.com\/wp-content\/uploads\/2025\/09\/Design-sans-titre-1024x763.jpg"},"thumbnail":{"width":150,"height":150,"mime-type":"image\/jpeg","filesize":9077,"url":"https:\/\/leshorizonsdedouna.com\/wp-content\/uploads\/2025\/09\/Design-sans-titre-150x150.jpg"},"medium_large":{"width":768,"height":572,"mime-type":"image\/jpeg","filesize":119799,"url":"https:\/\/leshorizonsdedouna.com\/wp-content\/uploads\/2025\/09\/Design-sans-titre-768x572.jpg"},"hestia-blog":{"width":360,"height":240,"mime-type":"image\/jpeg","filesize":28823,"url":"https:\/\/leshorizonsdedouna.com\/wp-content\/uploads\/2025\/09\/Design-sans-titre-360x240.jpg"},"woocommerce_thumbnail_2x":{"width":460,"height":700,"mime-type":"image\/jpeg","filesize":86506,"url":"https:\/\/leshorizonsdedouna.com\/wp-content\/uploads\/2025\/09\/Design-sans-titre-460x700.jpg"},"woocommerce_thumbnail":{"width":230,"height":350,"mime-type":"image\/jpeg","filesize":27269,"uncropped":false,"url":"https:\/\/leshorizonsdedouna.com\/wp-content\/uploads\/2025\/09\/Design-sans-titre-230x350.jpg"},"woocommerce_single":{"width":600,"height":447,"mime-type":"image\/jpeg","filesize":79313,"url":"https:\/\/leshorizonsdedouna.com\/wp-content\/uploads\/2025\/09\/Design-sans-titre-600x447.jpg"},"woocommerce_gallery_thumbnail":{"width":160,"height":160,"mime-type":"image\/jpeg","filesize":9823,"url":"https:\/\/leshorizonsdedouna.com\/wp-content\/uploads\/2025\/09\/Design-sans-titre-160x160.jpg"}}},"all_day":false,"start_date":"2025-10-04 11:00:00","start_date_details":{"year":"2025","month":"10","day":"04","hour":"11","minutes":"00","seconds":"00"},"end_date":"2025-10-04 15:00:00","end_date_details":{"year":"2025","month":"10","day":"04","hour":"15","minutes":"00","seconds":"00"},"utc_start_date":"2025-10-04 09:00:00","utc_start_date_details":{"year":"2025","month":"10","day":"04","hour":"09","minutes":"00","seconds":"00"},"utc_end_date":"2025-10-04 13:00:00","utc_end_date_details":{"year":"2025","month":"10","day":"04","hour":"13","minutes":"00","seconds":"00"},"timezone":"Europe\/Paris","timezone_abbr":"CEST","cost":"","cost_details":{"currency_symbol":"","currency_code":"","currency_position":"prefix","values":[]},"website":"","show_map":true,"show_map_link":true,"hide_from_listings":false,"sticky":false,"featured":false,"categories":[],"tags":[],"venue":[],"organizer":[],"json_ld":{"@context":"http:\/\/schema.org","@type":"Event","name":"Porto-Vecchio (Corse) : S\u00e9ance de D\u00e9dicace Libraire la Clairi\u00e8re (chez Biod\u00e9lices)","description":"&lt;p&gt;S\u00e9ance de d\u00e9dicace \u00e0 partir de 11h Libraire la Clairi\u00e8re (chez Biod\u00e9lices) Lieu : Lieu dit cacao, Chemin d\u2019Agnarella 20137 Porto-Vecchio&lt;\/p&gt;\\n","image":"https:\/\/leshorizonsdedouna.com\/wp-content\/uploads\/2025\/09\/Design-sans-titre.jpg","url":"https:\/\/leshorizonsdedouna.com\/event\/porto-vecchio-corse-seance-de-dedicace-libraire-la-clairiere-chez-biodelices\/","eventAttendanceMode":"https:\/\/schema.org\/OfflineEventAttendanceMode","eventStatus":"https:\/\/schema.org\/EventScheduled","startDate":"2025-10-04T11:00:00+02:00","endDate":"2025-10-04T15:00:00+02:00","performer":"Organization"}}